{"id":2113,"date":"2023-10-20T15:00:29","date_gmt":"2023-10-20T13:00:29","guid":{"rendered":"https:\/\/consedimburgo.esteri.it\/?p=2113"},"modified":"2023-10-20T16:11:30","modified_gmt":"2023-10-20T14:11:30","slug":"centralino-telefonico-da-lunedi-23-ottobre-a-venerdi-3-novembre","status":"publish","type":"post","link":"https:\/\/consedimburgo.esteri.it\/en\/news\/dal_consolato\/2023\/10\/centralino-telefonico-da-lunedi-23-ottobre-a-venerdi-3-novembre\/","title":{"rendered":"Centralino telefonico da luned\u00ec 23 ottobre a venerd\u00ec 3 novembre"},"content":{"rendered":"<p>Si informa la gentile utenza che nel periodo compreso fra<strong> luned\u00ec 23 ottobre <\/strong>e\u00a0<strong>venerd\u00ec 3 novembre<\/strong>, (con l&#8217;eccezione di mercoled\u00ec 1\u00b0 novembre, giorno di chiusura per la festivit\u00e0 di Tutti i Santi) il servizio di risposta al <strong>centralino telefonico<\/strong>\u00a0del Consolato Generale d\u2019Italia a Edimburgo sar\u00e0 disponibile\u00a0<strong>solamente nella fascia oraria pomeridiana<\/strong>\u00a0(14:30-16:30).<\/p>\n<p>Nelle stesse giornate,\u00a0il centralino sar\u00e0 sospeso alla mattina.<\/p>\n<p>Verr\u00e0 come di consueto garantita la copertura del cellulare d\u2019emergenza DEDICATO ESCLUSIVAMENTE A CITTADINI ITALIANI E SOLO PER SITUAZIONI DI REALE E COMPROVATA EMERGENZA quali incidenti, pericolo per l\u2019incolumit\u00e0 fisica delle persone et simili (le chiamate per pratiche consolari ordinarie NON verranno prese in considerazione).<\/p>\n<p>Per gli orari di operativit\u00e0 del cellulare di emergenza clicca\u00a0<a href=\"https:\/\/consedimburgo.esteri.it\/it\/news\/dal_consolato\/2023\/06\/Consolato_Edimburgo\/it\/il_consolato\/numeri-di-emergenza.html\"><strong>QUI<\/strong><\/a>.<\/p>\n","protected":false},"excerpt":{"rendered":"Si informa la gentile utenza che nel periodo compreso fra luned\u00ec 23 ottobre e\u00a0venerd\u00ec 3 novembre, (con l&#8217;eccezione di mercoled\u00ec 1\u00b0 novembre, giorno di chiusura per la festivit\u00e0 di Tutti i Santi) il servizio di risposta al centralino telefonico\u00a0del Consolato Generale d\u2019Italia a Edimburgo sar\u00e0 disponibile\u00a0solamente nella fascia oraria pomeridiana\u00a0(14:30-16:30). Nelle stesse giornate,\u00a0il centralino sar\u00e0 [&hellip;]","protected":false},"author":7,"featured_media":250,"comment_status":"closed","ping_status":"closed","sticky":false,"template":"","format":"standard","meta":{"footnotes":""},"tags":[],"class_list":["post-2113","post","type-post","status-publish","format-standard","has-post-thumbnail","hentry"],"_links":{"self":[{"href":"https:\/\/consedimburgo.esteri.it\/en\/wp-json\/wp\/v2\/posts\/2113","targetHints":{"allow":["GET"]}}],"collection":[{"href":"https:\/\/consedimburgo.esteri.it\/en\/wp-json\/wp\/v2\/posts"}],"about":[{"href":"https:\/\/consedimburgo.esteri.it\/en\/wp-json\/wp\/v2\/types\/post"}],"author":[{"embeddable":true,"href":"https:\/\/consedimburgo.esteri.it\/en\/wp-json\/wp\/v2\/users\/7"}],"replies":[{"embeddable":true,"href":"https:\/\/consedimburgo.esteri.it\/en\/wp-json\/wp\/v2\/comments?post=2113"}],"version-history":[{"count":1,"href":"https:\/\/consedimburgo.esteri.it\/en\/wp-json\/wp\/v2\/posts\/2113\/revisions"}],"predecessor-version":[{"id":2114,"href":"https:\/\/consedimburgo.esteri.it\/en\/wp-json\/wp\/v2\/posts\/2113\/revisions\/2114"}],"wp:featuredmedia":[{"embeddable":true,"href":"https:\/\/consedimburgo.esteri.it\/en\/wp-json\/wp\/v2\/media\/250"}],"wp:attachment":[{"href":"https:\/\/consedimburgo.esteri.it\/en\/wp-json\/wp\/v2\/media?parent=2113"}],"wp:term":[{"taxonomy":"post_tag","embeddable":true,"href":"https:\/\/consedimburgo.esteri.it\/en\/wp-json\/wp\/v2\/tags?post=2113"}],"curies":[{"name":"wp","href":"https:\/\/api.w.org\/{rel}","templated":true}]}}