{"id":2154,"date":"2023-10-30T12:14:58","date_gmt":"2023-10-30T11:14:58","guid":{"rendered":"https:\/\/consedimburgo.esteri.it\/news\/dal_consolato\/2023\/10\/chiusura-del-consolato-generale-mercoledi-1-novembre\/"},"modified":"2024-05-24T09:28:54","modified_gmt":"2024-05-24T07:28:54","slug":"chiusura-del-consolato-generale-mercoledi-1-novembre","status":"publish","type":"post","link":"https:\/\/consedimburgo.esteri.it\/en\/news\/dal_consolato\/2023\/10\/chiusura-del-consolato-generale-mercoledi-1-novembre\/","title":{"rendered":"Chiusura del Consolato Generale mercoled\u00ec 1\u00b0 novembre"},"content":{"rendered":"<div class=\"entry-content\">\n<p>Si ricorda all\u2019utenza che il Consolato Generale d\u2019Italia a Edimburgo rester\u00e0 chiuso nella giornata di <strong>mercoled\u00ec 1\u00b0 novembre<\/strong> (Tutti i Santi).<\/p>\n<p>In tale giornata il servizio di risposta al centralino telefonico sar\u00e0 sospeso. Il centralino riprender\u00e0 regolarmente nel pomeriggio di gioved\u00ec, secondo i consueti orari (14:30-16:30).<\/p>\n<p>Verr\u00e0 come di consueto garantita la copertura del cellulare d\u2019emergenza DEDICATO ESCLUSIVAMENTE A CITTADINI ITALIANI E SOLO PER SITUAZIONI DI REALE E COMPROVATA EMERGENZA quali incidenti, pericolo per l\u2019incolumit\u00e0 fisica delle persone et simili (le chiamate per pratiche consolari ordinarie NON verranno prese in considerazione).<\/p>\n<p>Per gli orari di operativit\u00e0 del cellulare di emergenza clicca <a href=\"https:\/\/consedimburgo.esteri.it\/it\/news\/dal_consolato\/2023\/08\/Consolato_Edimburgo\/it\/il_consolato\/numeri-di-emergenza.html\"><strong>QUI<\/strong><\/a>.<\/p>\n<\/div>\n","protected":false},"excerpt":{"rendered":"Si ricorda all\u2019utenza che il Consolato Generale d\u2019Italia a Edimburgo rester\u00e0 chiuso nella giornata di mercoled\u00ec 1\u00b0 novembre (Tutti i Santi). In tale giornata il servizio di risposta al centralino telefonico sar\u00e0 sospeso. Il centralino riprender\u00e0 regolarmente nel pomeriggio di gioved\u00ec, secondo i consueti orari (14:30-16:30). Verr\u00e0 come di consueto garantita la copertura del cellulare [&hellip;]","protected":false},"author":7,"featured_media":2152,"comment_status":"closed","ping_status":"closed","sticky":false,"template":"","format":"standard","meta":{"footnotes":""},"tags":[],"class_list":["post-2154","post","type-post","status-publish","format-standard","has-post-thumbnail","hentry"],"_links":{"self":[{"href":"https:\/\/consedimburgo.esteri.it\/en\/wp-json\/wp\/v2\/posts\/2154","targetHints":{"allow":["GET"]}}],"collection":[{"href":"https:\/\/consedimburgo.esteri.it\/en\/wp-json\/wp\/v2\/posts"}],"about":[{"href":"https:\/\/consedimburgo.esteri.it\/en\/wp-json\/wp\/v2\/types\/post"}],"author":[{"embeddable":true,"href":"https:\/\/consedimburgo.esteri.it\/en\/wp-json\/wp\/v2\/users\/7"}],"replies":[{"embeddable":true,"href":"https:\/\/consedimburgo.esteri.it\/en\/wp-json\/wp\/v2\/comments?post=2154"}],"version-history":[{"count":1,"href":"https:\/\/consedimburgo.esteri.it\/en\/wp-json\/wp\/v2\/posts\/2154\/revisions"}],"predecessor-version":[{"id":2976,"href":"https:\/\/consedimburgo.esteri.it\/en\/wp-json\/wp\/v2\/posts\/2154\/revisions\/2976"}],"wp:featuredmedia":[{"embeddable":true,"href":"https:\/\/consedimburgo.esteri.it\/en\/wp-json\/wp\/v2\/media\/2152"}],"wp:attachment":[{"href":"https:\/\/consedimburgo.esteri.it\/en\/wp-json\/wp\/v2\/media?parent=2154"}],"wp:term":[{"taxonomy":"post_tag","embeddable":true,"href":"https:\/\/consedimburgo.esteri.it\/en\/wp-json\/wp\/v2\/tags?post=2154"}],"curies":[{"name":"wp","href":"https:\/\/api.w.org\/{rel}","templated":true}]}}