{"id":2305,"date":"2023-12-17T17:00:40","date_gmt":"2023-12-17T16:00:40","guid":{"rendered":"https:\/\/consedimburgo.esteri.it\/?p=2305"},"modified":"2023-12-17T18:12:49","modified_gmt":"2023-12-17T17:12:49","slug":"chiusura-del-consolato-generale-lunedi-25-dicembre-martedi-26-dicembre-e-lunedi-1-gennaio","status":"publish","type":"post","link":"https:\/\/consedimburgo.esteri.it\/en\/news\/dal_consolato\/2023\/12\/chiusura-del-consolato-generale-lunedi-25-dicembre-martedi-26-dicembre-e-lunedi-1-gennaio\/","title":{"rendered":"Operativit\u00e0 del Consolato Generale durante le festivit\u00e0"},"content":{"rendered":"<p>Si ricorda all\u2019utenza che il Consolato Generale d\u2019Italia a Edimburgo rester\u00e0 <strong><u>CHIUSO<\/u><\/strong> nei giorni di\u00a0<strong>luned\u00ec 25 dicembre<\/strong>\u00a0(Natale), <strong>marted\u00ec 26 dicembre<\/strong>\u00a0(Santo Stefano) e <strong>luned\u00ec 1\u00b0 gennaio<\/strong>\u00a0(Capodanno).<br \/>\nIl Consolato Generale sar\u00e0 aperto con i consueti orari, dal luned\u00ec al venerd\u00ec, fino al 22 dicembre, i giorni 27, 28 e 29 dicembre e dal 2 gennaio.<\/p>\n<p>Nei giorni di chiusura, verr\u00e0 come di consueto garantita la copertura del cellulare d\u2019emergenza dedicato esclusivamente a <strong><u>cittadini italiani<\/u><\/strong> e solo per situazioni di <strong><u>reale e comprovata emergenza<\/u><\/strong> quali incidenti, pericolo per l\u2019incolumit\u00e0 fisica delle persone et simili (le chiamate per pratiche consolari ordinarie NON verranno prese in considerazione).<br \/>\nPer gli orari di operativit\u00e0 del cellulare di emergenza clicca\u00a0<a href=\"https:\/\/consedimburgo.esteri.it\/it\/news\/dal_consolato\/2023\/08\/Consolato_Edimburgo\/it\/il_consolato\/numeri-di-emergenza.html\"><strong>QUI<\/strong><\/a>.<\/p>\n<p>Si comunica inoltre che, data la concomitanza con le giornate festive, da <strong>luned\u00ec 18 <\/strong><strong>a <\/strong><strong>gioved\u00ec 21 <\/strong><strong>e nei giorni <\/strong><strong>gioved\u00ec 28 <\/strong><strong>e <\/strong><strong>venerd\u00ec 29 dicembre, <\/strong>il servizio di risposta al centralino telefonico sar\u00e0 disponibile solo al pomeriggio, limitatamente alla fascia oraria <strong><span style=\"text-decoration: underline;\">14:30-15:30<\/span>; <\/strong>nei giorni<strong> venerd\u00ec 22 <\/strong><strong>e<\/strong><strong> mercoled\u00ec 28 dicembre <\/strong>\u2013 oltre ai <strong>giorni festivi sopra menzionati<\/strong> &#8211; il servizio di risposta al centralino telefonico NON sar\u00e0 disponibile.<br \/>\n<span style=\"text-decoration: underline;\">Il servizio riprender\u00e0 regolarmente, con i consueti orari, a partire da <strong>marted\u00ec 2 gennaio<\/strong><strong>.<\/strong><\/span><\/p>\n","protected":false},"excerpt":{"rendered":"Si ricorda all\u2019utenza che il Consolato Generale d\u2019Italia a Edimburgo rester\u00e0 CHIUSO nei giorni di\u00a0luned\u00ec 25 dicembre\u00a0(Natale), marted\u00ec 26 dicembre\u00a0(Santo Stefano) e luned\u00ec 1\u00b0 gennaio\u00a0(Capodanno). Il Consolato Generale sar\u00e0 aperto con i consueti orari, dal luned\u00ec al venerd\u00ec, fino al 22 dicembre, i giorni 27, 28 e 29 dicembre e dal 2 gennaio. Nei giorni [&hellip;]","protected":false},"author":7,"featured_media":2369,"comment_status":"closed","ping_status":"closed","sticky":true,"template":"","format":"standard","meta":{"footnotes":""},"tags":[],"class_list":["post-2305","post","type-post","status-publish","format-standard","has-post-thumbnail","hentry"],"_links":{"self":[{"href":"https:\/\/consedimburgo.esteri.it\/en\/wp-json\/wp\/v2\/posts\/2305","targetHints":{"allow":["GET"]}}],"collection":[{"href":"https:\/\/consedimburgo.esteri.it\/en\/wp-json\/wp\/v2\/posts"}],"about":[{"href":"https:\/\/consedimburgo.esteri.it\/en\/wp-json\/wp\/v2\/types\/post"}],"author":[{"embeddable":true,"href":"https:\/\/consedimburgo.esteri.it\/en\/wp-json\/wp\/v2\/users\/7"}],"replies":[{"embeddable":true,"href":"https:\/\/consedimburgo.esteri.it\/en\/wp-json\/wp\/v2\/comments?post=2305"}],"version-history":[{"count":7,"href":"https:\/\/consedimburgo.esteri.it\/en\/wp-json\/wp\/v2\/posts\/2305\/revisions"}],"predecessor-version":[{"id":2358,"href":"https:\/\/consedimburgo.esteri.it\/en\/wp-json\/wp\/v2\/posts\/2305\/revisions\/2358"}],"wp:featuredmedia":[{"embeddable":true,"href":"https:\/\/consedimburgo.esteri.it\/en\/wp-json\/wp\/v2\/media\/2369"}],"wp:attachment":[{"href":"https:\/\/consedimburgo.esteri.it\/en\/wp-json\/wp\/v2\/media?parent=2305"}],"wp:term":[{"taxonomy":"post_tag","embeddable":true,"href":"https:\/\/consedimburgo.esteri.it\/en\/wp-json\/wp\/v2\/tags?post=2305"}],"curies":[{"name":"wp","href":"https:\/\/api.w.org\/{rel}","templated":true}]}}