{"id":2840,"date":"2024-03-28T07:17:32","date_gmt":"2024-03-28T06:17:32","guid":{"rendered":"https:\/\/consedimburgo.esteri.it\/?p=2840"},"modified":"2024-03-28T07:17:32","modified_gmt":"2024-03-28T06:17:32","slug":"chiusura-del-consolato-generale-per-le-festivita-pasquali","status":"publish","type":"post","link":"https:\/\/consedimburgo.esteri.it\/en\/news\/dal_consolato\/2024\/03\/chiusura-del-consolato-generale-per-le-festivita-pasquali\/","title":{"rendered":"Chiusura del Consolato Generale per le festivit\u00e0 pasquali"},"content":{"rendered":"<p>Si ricorda all\u2019utenza che il Consolato Generale d\u2019Italia a Edimburgo rester\u00e0\u00a0<strong><u>CHIUSO<\/u><\/strong>\u00a0nei giorni di\u00a0<strong>venerd\u00ec 29 marzo<\/strong> (Venerd\u00ec Santo) e\u00a0<strong>luned\u00ec 1\u00b0 aprile<\/strong> (Luned\u00ec dell&#8217;Angelo).<\/p>\n<p>Si comunica inoltre che da <strong>marted\u00ec 2 <\/strong><strong>a\u00a0<\/strong><strong>venerd\u00ec 5 aprile<\/strong><strong>, <\/strong>il servizio di risposta al centralino telefonico NON sar\u00e0 disponibile. Il servizio riprender\u00e0 regolarmente, con i consueti orari, a partire da\u00a0<strong>luned\u00ec 8 aprile<\/strong><strong>.<\/strong><\/p>\n<p>In questi giorni rimane comunque possibile contattare i singoli uffici per e-mail (<a href=\"https:\/\/consedimburgo.esteri.it\/it\/chi-siamo\/contatti\/\"><strong>QUI<\/strong><\/a> tutti i recapiti). Verr\u00e0 come di consueto garantita la copertura del cellulare d\u2019emergenza dedicato esclusivamente a <strong><u>cittadini italiani<\/u><\/strong>\u00a0e solo per situazioni di\u00a0<strong><u>reale e comprovata emergenza<\/u><\/strong>\u00a0quali incidenti, pericolo per l\u2019incolumit\u00e0 fisica delle persone et simili (le chiamate per pratiche consolari ordinarie NON verranno prese in considerazione).<br \/>\nPer gli orari di operativit\u00e0 del cellulare di emergenza clicca\u00a0<a href=\"https:\/\/consedimburgo.esteri.it\/it\/news\/dal_consolato\/2023\/08\/Consolato_Edimburgo\/it\/il_consolato\/numeri-di-emergenza.html\"><strong>QUI<\/strong><\/a>.<\/p>\n","protected":false},"excerpt":{"rendered":"Si ricorda all\u2019utenza che il Consolato Generale d\u2019Italia a Edimburgo rester\u00e0\u00a0CHIUSO\u00a0nei giorni di\u00a0venerd\u00ec 29 marzo (Venerd\u00ec Santo) e\u00a0luned\u00ec 1\u00b0 aprile (Luned\u00ec dell&#8217;Angelo). Si comunica inoltre che da marted\u00ec 2 a\u00a0venerd\u00ec 5 aprile, il servizio di risposta al centralino telefonico NON sar\u00e0 disponibile. Il servizio riprender\u00e0 regolarmente, con i consueti orari, a partire da\u00a0luned\u00ec 8 aprile. [&hellip;]","protected":false},"author":7,"featured_media":250,"comment_status":"closed","ping_status":"closed","sticky":false,"template":"","format":"standard","meta":{"footnotes":""},"tags":[],"class_list":["post-2840","post","type-post","status-publish","format-standard","has-post-thumbnail","hentry"],"_links":{"self":[{"href":"https:\/\/consedimburgo.esteri.it\/en\/wp-json\/wp\/v2\/posts\/2840","targetHints":{"allow":["GET"]}}],"collection":[{"href":"https:\/\/consedimburgo.esteri.it\/en\/wp-json\/wp\/v2\/posts"}],"about":[{"href":"https:\/\/consedimburgo.esteri.it\/en\/wp-json\/wp\/v2\/types\/post"}],"author":[{"embeddable":true,"href":"https:\/\/consedimburgo.esteri.it\/en\/wp-json\/wp\/v2\/users\/7"}],"replies":[{"embeddable":true,"href":"https:\/\/consedimburgo.esteri.it\/en\/wp-json\/wp\/v2\/comments?post=2840"}],"version-history":[{"count":2,"href":"https:\/\/consedimburgo.esteri.it\/en\/wp-json\/wp\/v2\/posts\/2840\/revisions"}],"predecessor-version":[{"id":2846,"href":"https:\/\/consedimburgo.esteri.it\/en\/wp-json\/wp\/v2\/posts\/2840\/revisions\/2846"}],"wp:featuredmedia":[{"embeddable":true,"href":"https:\/\/consedimburgo.esteri.it\/en\/wp-json\/wp\/v2\/media\/250"}],"wp:attachment":[{"href":"https:\/\/consedimburgo.esteri.it\/en\/wp-json\/wp\/v2\/media?parent=2840"}],"wp:term":[{"taxonomy":"post_tag","embeddable":true,"href":"https:\/\/consedimburgo.esteri.it\/en\/wp-json\/wp\/v2\/tags?post=2840"}],"curies":[{"name":"wp","href":"https:\/\/api.w.org\/{rel}","templated":true}]}}