{"id":2710,"date":"2024-02-01T14:32:55","date_gmt":"2024-02-01T13:32:55","guid":{"rendered":"https:\/\/consedimburgo.esteri.it\/?p=2710"},"modified":"2024-02-01T15:02:12","modified_gmt":"2024-02-01T14:02:12","slug":"centralino-telefonico-la-nuova-fascia-oraria","status":"publish","type":"post","link":"https:\/\/consedimburgo.esteri.it\/it\/news\/dal_consolato\/2024\/02\/centralino-telefonico-la-nuova-fascia-oraria\/","title":{"rendered":"Centralino telefonico, la nuova fascia oraria"},"content":{"rendered":"<p>Si informa la gentile utenza che a partire da <strong>luned\u00ec 5 febbraio <\/strong>il servizio di risposta al\u00a0<strong>centralino telefonico<\/strong> del Consolato Generale d\u2019Italia a Edimburgo sar\u00e0 disponibile dal luned\u00ec al venerd\u00ec <strong>solamente nella fascia oraria mattutina, <\/strong>ore 10:00-12:00.<\/p>\n<p>Verr\u00e0 come di consueto garantita la copertura del cellulare d\u2019emergenza DEDICATO <strong>ESCLUSIVAMENTE<\/strong> A CITTADINI ITALIANI E SOLO PER SITUAZIONI DI REALE E COMPROVATA EMERGENZA, quali incidenti, pericolo per l\u2019incolumit\u00e0 fisica delle persone et simili (le chiamate per pratiche consolari ordinarie NON verranno prese in considerazione).<\/p>\n<p>Per gli orari di operativit\u00e0 del cellulare di emergenza clicca\u00a0<a href=\"https:\/\/consedimburgo.esteri.it\/it\/news\/dal_consolato\/2023\/06\/Consolato_Edimburgo\/it\/il_consolato\/numeri-di-emergenza.html\" target=\"_blank\" rel=\"noopener\"><strong>QUI<\/strong><\/a>.<\/p>\n","protected":false},"excerpt":{"rendered":"Si informa la gentile utenza che a partire da luned\u00ec 5 febbraio il servizio di risposta al\u00a0centralino telefonico del Consolato Generale d\u2019Italia a Edimburgo sar\u00e0 disponibile dal luned\u00ec al venerd\u00ec solamente nella fascia oraria mattutina, ore 10:00-12:00. Verr\u00e0 come di consueto garantita la copertura del cellulare d\u2019emergenza DEDICATO ESCLUSIVAMENTE A CITTADINI ITALIANI E SOLO PER [&hellip;]","protected":false},"author":8,"featured_media":249,"comment_status":"closed","ping_status":"closed","sticky":false,"template":"","format":"standard","meta":{"footnotes":""},"tags":[],"class_list":["post-2710","post","type-post","status-publish","format-standard","has-post-thumbnail","hentry"],"_links":{"self":[{"href":"https:\/\/consedimburgo.esteri.it\/it\/wp-json\/wp\/v2\/posts\/2710","targetHints":{"allow":["GET"]}}],"collection":[{"href":"https:\/\/consedimburgo.esteri.it\/it\/wp-json\/wp\/v2\/posts"}],"about":[{"href":"https:\/\/consedimburgo.esteri.it\/it\/wp-json\/wp\/v2\/types\/post"}],"author":[{"embeddable":true,"href":"https:\/\/consedimburgo.esteri.it\/it\/wp-json\/wp\/v2\/users\/8"}],"replies":[{"embeddable":true,"href":"https:\/\/consedimburgo.esteri.it\/it\/wp-json\/wp\/v2\/comments?post=2710"}],"version-history":[{"count":3,"href":"https:\/\/consedimburgo.esteri.it\/it\/wp-json\/wp\/v2\/posts\/2710\/revisions"}],"predecessor-version":[{"id":2733,"href":"https:\/\/consedimburgo.esteri.it\/it\/wp-json\/wp\/v2\/posts\/2710\/revisions\/2733"}],"wp:featuredmedia":[{"embeddable":true,"href":"https:\/\/consedimburgo.esteri.it\/it\/wp-json\/wp\/v2\/media\/249"}],"wp:attachment":[{"href":"https:\/\/consedimburgo.esteri.it\/it\/wp-json\/wp\/v2\/media?parent=2710"}],"wp:term":[{"taxonomy":"post_tag","embeddable":true,"href":"https:\/\/consedimburgo.esteri.it\/it\/wp-json\/wp\/v2\/tags?post=2710"}],"curies":[{"name":"wp","href":"https:\/\/api.w.org\/{rel}","templated":true}]}}