{"id":3982,"date":"2024-12-12T15:35:35","date_gmt":"2024-12-12T14:35:35","guid":{"rendered":"https:\/\/consedimburgo.esteri.it\/?p=3982"},"modified":"2025-01-05T16:07:01","modified_gmt":"2025-01-05T15:07:01","slug":"operativita-del-consolato-generale-durante-le-festivita","status":"publish","type":"post","link":"https:\/\/consedimburgo.esteri.it\/it\/news\/dal_consolato\/2024\/12\/operativita-del-consolato-generale-durante-le-festivita\/","title":{"rendered":"Operativit\u00e0 del Consolato Generale durante le festivit\u00e0"},"content":{"rendered":"<p><span style=\"text-decoration: underline; color: #ff0000;\"><strong>CENTRALINO<\/strong><\/span><\/p>\n<p>Si informa la gentile utenza che nel periodo compreso fra<strong> luned\u00ec 16 dicembre <\/strong>e\u00a0<strong>venerd\u00ec 3 gennaio<\/strong>, il servizio di risposta al <strong>centralino telefonico<\/strong>\u00a0del Consolato Generale d\u2019Italia a Edimburgo sar\u00e0 disponibile\u00a0<strong>solamente nei giorni sotto indicati, <\/strong>nella consueta fascia oraria <strong>(10:00-12:00)<\/strong>:<\/p>\n<ul>\n<li><strong>luned\u00ec 16 dicembre<\/strong><\/li>\n<li><strong>mercoled\u00ec 18 dicembre<\/strong><\/li>\n<li><strong>gioved\u00ec 19 dicembre<\/strong><\/li>\n<li><strong>luned\u00ec 23 dicembre<\/strong><\/li>\n<li><strong>venerd\u00ec 27 dicembre<\/strong><\/li>\n<li><strong>luned\u00ec 30 dicembre<\/strong><\/li>\n<li><strong>venerd\u00ec 3 gennaio<\/strong><\/li>\n<\/ul>\n<p>Il servizio riprender\u00e0 regolarmente, con i consueti orari, a partire da\u00a0<strong>luned\u00ec 6 gennaio.<\/strong><br \/>\nSi ricorda che tutte le informazioni sui servizi consolari sono disponibili su questo sito internet, che si invita a consultare; per quesiti specifici per i quali non sia gi\u00e0 presente risposta sulle nostre pagine web, si raccomanda di inviare una e-mail all\u2019ufficio di riferimento (vedi <a href=\"https:\/\/consedimburgo.esteri.it\/it\/chi-siamo\/gli-uffici\/\"><strong>QUI<\/strong><\/a> gli indirizzi).<\/p>\n<p><span style=\"text-decoration: underline;\"><strong><span style=\"color: #ff0000; text-decoration: underline;\">WALK-IN DOCUMENTI DI VIAGGIO<\/span><\/strong><\/span><\/p>\n<p>Si informa, inoltre, che il <strong>servizio walk-in dell\u2019ufficio documenti di viaggio<\/strong> (per ritiro documenti, autentiche di firma di genitori non-UE, autentiche di fotografia di minori, rilascio dichiarazioni di accompagnamento, etc\u2026) non sar\u00e0 disponibile da<strong> marted\u00ec 24 dicembre <\/strong>a <strong>gioved\u00ec 2 gennaio. <\/strong>Il servizio riprender\u00e0 regolarmente, con i consueti orari (marted\u00ec e gioved\u00ec, ore 15:00-16:00), a partire da\u00a0<strong>marted\u00ec 7 gennaio.<\/strong><\/p>\n","protected":false},"excerpt":{"rendered":"CENTRALINO Si informa la gentile utenza che nel periodo compreso fra luned\u00ec 16 dicembre e\u00a0venerd\u00ec 3 gennaio, il servizio di risposta al centralino telefonico\u00a0del Consolato Generale d\u2019Italia a Edimburgo sar\u00e0 disponibile\u00a0solamente nei giorni sotto indicati, nella consueta fascia oraria (10:00-12:00): luned\u00ec 16 dicembre mercoled\u00ec 18 dicembre gioved\u00ec 19 dicembre luned\u00ec 23 dicembre venerd\u00ec 27 dicembre [&hellip;]","protected":false},"author":7,"featured_media":3986,"comment_status":"closed","ping_status":"closed","sticky":false,"template":"","format":"standard","meta":{"footnotes":""},"tags":[],"class_list":["post-3982","post","type-post","status-publish","format-standard","has-post-thumbnail","hentry"],"_links":{"self":[{"href":"https:\/\/consedimburgo.esteri.it\/it\/wp-json\/wp\/v2\/posts\/3982","targetHints":{"allow":["GET"]}}],"collection":[{"href":"https:\/\/consedimburgo.esteri.it\/it\/wp-json\/wp\/v2\/posts"}],"about":[{"href":"https:\/\/consedimburgo.esteri.it\/it\/wp-json\/wp\/v2\/types\/post"}],"author":[{"embeddable":true,"href":"https:\/\/consedimburgo.esteri.it\/it\/wp-json\/wp\/v2\/users\/7"}],"replies":[{"embeddable":true,"href":"https:\/\/consedimburgo.esteri.it\/it\/wp-json\/wp\/v2\/comments?post=3982"}],"version-history":[{"count":2,"href":"https:\/\/consedimburgo.esteri.it\/it\/wp-json\/wp\/v2\/posts\/3982\/revisions"}],"predecessor-version":[{"id":3991,"href":"https:\/\/consedimburgo.esteri.it\/it\/wp-json\/wp\/v2\/posts\/3982\/revisions\/3991"}],"wp:featuredmedia":[{"embeddable":true,"href":"https:\/\/consedimburgo.esteri.it\/it\/wp-json\/wp\/v2\/media\/3986"}],"wp:attachment":[{"href":"https:\/\/consedimburgo.esteri.it\/it\/wp-json\/wp\/v2\/media?parent=3982"}],"wp:term":[{"taxonomy":"post_tag","embeddable":true,"href":"https:\/\/consedimburgo.esteri.it\/it\/wp-json\/wp\/v2\/tags?post=3982"}],"curies":[{"name":"wp","href":"https:\/\/api.w.org\/{rel}","templated":true}]}}