{"id":4648,"date":"2026-04-30T08:13:15","date_gmt":"2026-04-30T06:13:15","guid":{"rendered":"https:\/\/consedimburgo.esteri.it\/?p=4648"},"modified":"2026-04-30T16:44:04","modified_gmt":"2026-04-30T14:44:04","slug":"chiusura-del-consolato-generale-26-maggio-e-2-giugno","status":"publish","type":"post","link":"https:\/\/consedimburgo.esteri.it\/it\/news\/dal_consolato\/2026\/04\/chiusura-del-consolato-generale-26-maggio-e-2-giugno\/","title":{"rendered":"Chiusura del Consolato Generale &#8211; venerd\u00ec 1\u00b0 maggio"},"content":{"rendered":"<p>Si ricorda all\u2019utenza che il Consolato Generale d\u2019Italia a Edimburgo rester\u00e0\u00a0<strong>CHIUSO<\/strong> nella giornata di <strong>venerd\u00ec 1\u00b0 maggio\u00a0<\/strong>(Festa del Lavoro).<\/p>\n<p>Durante la giornata sopra indicata verr\u00e0 come di consueto garantita la copertura del <strong>cellulare d\u2019emergenza<\/strong> dedicato esclusivamente a\u00a0<span style=\"text-decoration: underline;\">cittadini italiani<\/span>\u00a0e solo per <span style=\"text-decoration: underline;\">situazioni di\u00a0reale e comprovata emergenza<\/span>\u00a0quali incidenti, pericolo per l\u2019incolumit\u00e0 fisica delle persone et simili (le chiamate per pratiche consolari ordinarie NON verranno prese in considerazione).<\/p>\n<p>Per gli orari di operativit\u00e0 del cellulare di emergenza clicca\u00a0<a href=\"https:\/\/consedimburgo.esteri.it\/it\/chi-siamo\/numeri-di-emergenza\/\"><strong>QUI<\/strong><\/a>.<\/p>\n<p>Si ricordano, infine, che il centralino non sar\u00e0 attivo. Riprender\u00e0 regolarmente luned\u00ec 4 maggio.<\/p>\n","protected":false},"excerpt":{"rendered":"Si ricorda all\u2019utenza che il Consolato Generale d\u2019Italia a Edimburgo rester\u00e0\u00a0CHIUSO nella giornata di venerd\u00ec 1\u00b0 maggio\u00a0(Festa del Lavoro). Durante la giornata sopra indicata verr\u00e0 come di consueto garantita la copertura del cellulare d\u2019emergenza dedicato esclusivamente a\u00a0cittadini italiani\u00a0e solo per situazioni di\u00a0reale e comprovata emergenza\u00a0quali incidenti, pericolo per l\u2019incolumit\u00e0 fisica delle persone et simili (le [&hellip;]","protected":false},"author":7,"featured_media":4266,"comment_status":"closed","ping_status":"closed","sticky":false,"template":"","format":"standard","meta":{"footnotes":""},"tags":[],"class_list":["post-4648","post","type-post","status-publish","format-standard","has-post-thumbnail","hentry"],"_links":{"self":[{"href":"https:\/\/consedimburgo.esteri.it\/it\/wp-json\/wp\/v2\/posts\/4648","targetHints":{"allow":["GET"]}}],"collection":[{"href":"https:\/\/consedimburgo.esteri.it\/it\/wp-json\/wp\/v2\/posts"}],"about":[{"href":"https:\/\/consedimburgo.esteri.it\/it\/wp-json\/wp\/v2\/types\/post"}],"author":[{"embeddable":true,"href":"https:\/\/consedimburgo.esteri.it\/it\/wp-json\/wp\/v2\/users\/7"}],"replies":[{"embeddable":true,"href":"https:\/\/consedimburgo.esteri.it\/it\/wp-json\/wp\/v2\/comments?post=4648"}],"version-history":[{"count":3,"href":"https:\/\/consedimburgo.esteri.it\/it\/wp-json\/wp\/v2\/posts\/4648\/revisions"}],"predecessor-version":[{"id":7146,"href":"https:\/\/consedimburgo.esteri.it\/it\/wp-json\/wp\/v2\/posts\/4648\/revisions\/7146"}],"wp:featuredmedia":[{"embeddable":true,"href":"https:\/\/consedimburgo.esteri.it\/it\/wp-json\/wp\/v2\/media\/4266"}],"wp:attachment":[{"href":"https:\/\/consedimburgo.esteri.it\/it\/wp-json\/wp\/v2\/media?parent=4648"}],"wp:term":[{"taxonomy":"post_tag","embeddable":true,"href":"https:\/\/consedimburgo.esteri.it\/it\/wp-json\/wp\/v2\/tags?post=4648"}],"curies":[{"name":"wp","href":"https:\/\/api.w.org\/{rel}","templated":true}]}}